{"id":1421,"date":"2014-11-25T10:31:45","date_gmt":"2014-11-25T09:31:45","guid":{"rendered":"http:\/\/www.sy-robusta.ch\/?p=1421"},"modified":"2014-11-25T10:31:45","modified_gmt":"2014-11-25T09:31:45","slug":"santa-cruz-de-la-palma","status":"publish","type":"post","link":"https:\/\/sy-robusta.ch\/?p=1421","title":{"rendered":"Santa Cruz de la Palma"},"content":{"rendered":"<p>Satte zweieinhalb Wochen lagen wir in der Marina La Palma auf der gleichnamigen Insel, im wundersch\u00f6nen St\u00e4dtchen Santa Cruz. Die Insel ist eine der gr\u00fcnsten und war ein toller Kontrast gegen\u00fcber Fuerteventura, wo die Trockenheit \u00fcberall sichtbar ist. Wir segelten in nur 50 Stunden die 210 sm von Corralejo hierher. Sch\u00f6nstes Segeln mit gutem Wind. Nun warum lagen wir so lange hier ? Erstens gefiel es uns sehr, doch der Hauptgrund war ein kommendes Tief, das von Westen die Kanaren treffen soll. Es war sch\u00f6n in den Wetterkarten zu sehen, mal war\u2019s s\u00fcdlich der Kanaren vorausgesagt, mal n\u00f6rdlich. Beide Prognosen sagten viel Wind und auch Regen voraus, nicht sehr gem\u00fctlich zum Ankern vor La Gomera, wo wir eigentlich hin wollten. Santa Cruz hingegen war im Lee des Tiefs, so sch\u00fctzten uns die Vulkanberge vor dem Wetter.<br \/>\nUnd so kam es dann auch, das Tief, mit viel Wind und Regen, kalt wurde es, bis 15 Grad in der Nacht. Und ja, das ist kalt, wenn der K\u00f6rper sich an die warmen Temperaturen gew\u00f6hnt hat&#8230; Aber der Wind und der Regen haben wir nur vom H\u00f6rensagen vernommen, denn wir waren ja im Lee der Insel. Viel gewandert sind wir und auch die Robusta hatte neue Spielzeuge bekommen, wie ein neuer K\u00fchlschrank, neue Solarpanels.<br \/>\nViele neue Freunde gefunden, von diversen Schiffen mit verschiedenen Zielen. Da war die Pentagram, ein Schiff mit drei Engl\u00e4nder und einem Portugiese, die fahren durch den Panamakanal. Haben schon einen Termin, darum sind sie in Eile. Der Brief der Bank, der nicht kam, zwang sie aber zum Warten in La Palma. Ein anderes Schiff, aus Ferrocement, schon ziemlich alt aber mit Charme, gesteuert von einem Engl\u00e4nder, alleine unterwegs, da sein Mitsegler nach der st\u00fcrmischen Biskaya voller Angst abgesprungen ist. Er wird mit uns in den Kap Verden Weihnachten feiern. \u00a0Dann gab es einen Holl\u00e4nder auf einer Bavaria, mit Charterg\u00e4sten drauf.<br \/>\nAnja hat eine alte Bekannte auf der Insel\u00a0 endlich im Facebook gefunden und gleich angemailt. Wow das war ein tolles Wiedersehen nach \u00fcber 20 Jahren ! Wir besuchten sie dann mehrmals und durften in einem sch\u00f6nen richtigen Bett \u00fcbernachten. Auch Inseltouren im Auto haben wir unternommen, war mal richtig toll mit einem Auto unterwegs zu sein.<br \/>\nGestern haben wir dann endlich die Insel verlassen. Um Mitternacht Leinen los nach La Gomera, San Sebastian. Davon mehr im n\u00e4chsten Post, nur soviel: Wir quatschten in einer Bar mit einem Schweizer P\u00e4\u00e4rchen, die waren zwei Wochen in Valle Gran Rei (unser eigentliches Ziel), die ganze Zeit Sturm, Regen und sehr ungem\u00fctlich war\u2019s ! Das w\u00e4r nichts geworden mit Ankern w\u00e4hrend diesem Tiefs.<br \/>\n&nbsp;<\/p>\n","protected":false},"excerpt":{"rendered":"<p>Satte zweieinhalb Wochen lagen wir in der Marina La Palma auf der gleichnamigen Insel, im wundersch\u00f6nen St\u00e4dtchen Santa Cruz. Die Insel ist eine der gr\u00fcnsten und war ein toller Kontrast gegen\u00fcber Fuerteventura, wo die Trockenheit \u00fcberall sichtbar ist. Wir segelten in nur 50 Stunden die 210 sm von Corralejo hierher. Sch\u00f6nstes Segeln mit gutem Wind. [&hellip;]<\/p>\n","protected":false},"author":1,"featured_media":1423,"comment_status":"open","ping_status":"open","sticky":false,"template":"","format":"standard","meta":{"ngg_post_thumbnail":0,"footnotes":""},"categories":[16],"tags":[],"class_list":["post-1421","post","type-post","status-publish","format-standard","has-post-thumbnail","hentry","category-kanarische-inseln"],"_links":{"self":[{"href":"https:\/\/sy-robusta.ch\/index.php?rest_route=\/wp\/v2\/posts\/1421","targetHints":{"allow":["GET"]}}],"collection":[{"href":"https:\/\/sy-robusta.ch\/index.php?rest_route=\/wp\/v2\/posts"}],"about":[{"href":"https:\/\/sy-robusta.ch\/index.php?rest_route=\/wp\/v2\/types\/post"}],"author":[{"embeddable":true,"href":"https:\/\/sy-robusta.ch\/index.php?rest_route=\/wp\/v2\/users\/1"}],"replies":[{"embeddable":true,"href":"https:\/\/sy-robusta.ch\/index.php?rest_route=%2Fwp%2Fv2%2Fcomments&post=1421"}],"version-history":[{"count":0,"href":"https:\/\/sy-robusta.ch\/index.php?rest_route=\/wp\/v2\/posts\/1421\/revisions"}],"wp:featuredmedia":[{"embeddable":true,"href":"https:\/\/sy-robusta.ch\/index.php?rest_route=\/wp\/v2\/media\/1423"}],"wp:attachment":[{"href":"https:\/\/sy-robusta.ch\/index.php?rest_route=%2Fwp%2Fv2%2Fmedia&parent=1421"}],"wp:term":[{"taxonomy":"category","embeddable":true,"href":"https:\/\/sy-robusta.ch\/index.php?rest_route=%2Fwp%2Fv2%2Fcategories&post=1421"},{"taxonomy":"post_tag","embeddable":true,"href":"https:\/\/sy-robusta.ch\/index.php?rest_route=%2Fwp%2Fv2%2Ftags&post=1421"}],"curies":[{"name":"wp","href":"https:\/\/api.w.org\/{rel}","templated":true}]}}